{"id":1062,"date":"2016-12-22T10:02:57","date_gmt":"2016-12-22T09:02:57","guid":{"rendered":"http:\/\/www.felipecastellano.com\/second-phase-of-jardines-del-infante\/"},"modified":"2017-03-22T11:20:45","modified_gmt":"2017-03-22T10:20:45","slug":"second-phase-of-jardines-del-infante","status":"publish","type":"post","link":"https:\/\/www.felipecastellano.com\/en\/second-phase-of-jardines-del-infante\/","title":{"rendered":"Second Phase of Jardines del Infante"},"content":{"rendered":"<p><img decoding=\"async\" loading=\"lazy\" class=\"alignnone size-full wp-image-592\" src=\"http:\/\/www.felipecastellano.com\/wp-content\/uploads\/2017\/03\/Jardines-del-Infante-FC.jpg\" alt=\"\" width=\"833\" height=\"367\" srcset=\"https:\/\/www.felipecastellano.com\/wp-content\/uploads\/2017\/03\/Jardines-del-Infante-FC.jpg 833w, https:\/\/www.felipecastellano.com\/wp-content\/uploads\/2017\/03\/Jardines-del-Infante-FC-300x132.jpg 300w, https:\/\/www.felipecastellano.com\/wp-content\/uploads\/2017\/03\/Jardines-del-Infante-FC-768x338.jpg 768w, https:\/\/www.felipecastellano.com\/wp-content\/uploads\/2017\/03\/Jardines-del-Infante-FC-705x311.jpg 705w, https:\/\/www.felipecastellano.com\/wp-content\/uploads\/2017\/03\/Jardines-del-Infante-FC-450x198.jpg 450w\" sizes=\"(max-width: 833px) 100vw, 833px\" \/><\/p>\n<p><span id=\"result_box\" class=\"\" lang=\"en\" tabindex=\"-1\"><span title=\"La zona chipionera del macroproyecto tur\u00edstico ve levantarse al fin una promoci\u00f3n de viviendas tras una d\u00e9cada sin m\u00e1quinas en la zona.\">The Chipiona region of the tourist macroproject is finally raising a housing promotion after a decade without machines in the area. <\/span><span title=\"M\u00e1s de una decena de parcelas est\u00e1n en venta.\">More than a dozen parcels are for sale. <\/span><span title=\"El Ayuntamiento conf\u00eda en que Best Hotels acometa en breve su proyecto resort. \">The City Council is confident that Best Hotels will soon embark on its resort project.<\/span><\/span><\/p>\n<p><span title=\"Al oeste del oeste de C\u00e1diz nada despierta a la Bella Durmiente de la provincia.\">To the west of the west of C\u00e1diz nothing wakes up the Sleeping Beauty of the province. <\/span><span title=\"Ni el oleaje del Atl\u00e1ntico, ni el graznido de las gaviotas logran acabar con ese letargo en el que qued\u00f3 sumida hace ya casi una d\u00e9cada.\">Neither the waves of the Atlantic, nor the squawking of the gulls manage to end the lethargy that was left almost a decade ago. <\/span><span title=\"Y ah\u00ed sigue, a la espera del beso de su pr\u00edncipe azul.\">And there it goes, waiting for the kiss of its prince blue. <\/span><span title=\"Un pr\u00edncipe que ni est\u00e1, ni se le espera.\">A prince who neither is nor is expected. <\/span><span title=\"Aunque nadie pierde la fe. \">Although no one loses faith.<\/span><\/p>\n<p><span title=\"Estamos en uno de los muchos para\u00edsos que la madre naturaleza regal\u00f3 a esta provincia.\">We are in one of the many paradises that mother nature gave to this province. <\/span><span title=\"A la izquierda, mirando al mar, llega el bullicio del sinf\u00edn de promociones residenciales que configuraron hace tiempo el macroproyecto tur\u00edstico de Costa Ballena en suelo de Rota.\">To the left, facing the sea, comes the bustle of the endless number of residential developments that have long shaped the Costa Ballena tourist project in Rota. <\/span><\/p>\n","protected":false},"excerpt":{"rendered":"<p>The Chipiona region of the tourist macroproject is finally raising a housing promotion after a decade without machines in the area. More than a dozen parcels are for sale. The City Council is confident that Best Hotels will soon embark on its resort project.<\/p>\n","protected":false},"author":1,"featured_media":592,"comment_status":"closed","ping_status":"open","sticky":false,"template":"","format":"standard","meta":[],"categories":[41],"tags":[48,46],"yoast_head":"<!-- This site is optimized with the Yoast SEO plugin v20.7 - https:\/\/yoast.com\/wordpress\/plugins\/seo\/ -->\n<title>Second Phase of Jardines del Infante - Construcciones Felipe Castellano<\/title>\n<meta name=\"description\" content=\"The Chipiona region of the tourist macroproject is finally raising a housing promotion after a decade without machines in the area.\" \/>\n<meta name=\"robots\" content=\"index, follow, max-snippet:-1, max-image-preview:large, max-video-preview:-1\" \/>\n<link rel=\"canonical\" href=\"https:\/\/www.felipecastellano.com\/en\/second-phase-of-jardines-del-infante\/\" \/>\n<meta property=\"og:locale\" content=\"en_US\" \/>\n<meta property=\"og:type\" content=\"article\" \/>\n<meta property=\"og:title\" content=\"Second Phase of Jardines del Infante - Construcciones Felipe Castellano\" \/>\n<meta property=\"og:description\" content=\"The Chipiona region of the tourist macroproject is finally raising a housing promotion after a decade without machines in the area.\" \/>\n<meta property=\"og:url\" content=\"https:\/\/www.felipecastellano.com\/en\/second-phase-of-jardines-del-infante\/\" \/>\n<meta property=\"og:site_name\" content=\"Construcciones Felipe Castellano\" \/>\n<meta property=\"article:published_time\" content=\"2016-12-22T09:02:57+00:00\" \/>\n<meta property=\"article:modified_time\" content=\"2017-03-22T10:20:45+00:00\" \/>\n<meta property=\"og:image\" content=\"https:\/\/www.felipecastellano.com\/wp-content\/uploads\/2017\/03\/Jardines-del-Infante-FC.jpg\" \/>\n\t<meta property=\"og:image:width\" content=\"833\" \/>\n\t<meta property=\"og:image:height\" content=\"367\" \/>\n\t<meta property=\"og:image:type\" content=\"image\/jpeg\" \/>\n<meta name=\"author\" content=\"AdminCFC\" \/>\n<meta name=\"twitter:card\" content=\"summary_large_image\" \/>\n<meta name=\"twitter:description\" content=\"The Chipiona region of the tourist macroproject is finally raising a housing promotion after a decade without machines in the area.\" \/>\n<meta name=\"twitter:label1\" content=\"Written by\" \/>\n\t<meta name=\"twitter:data1\" content=\"AdminCFC\" \/>\n\t<meta name=\"twitter:label2\" content=\"Est. reading time\" \/>\n\t<meta name=\"twitter:data2\" content=\"1 minute\" \/>\n<script type=\"application\/ld+json\" class=\"yoast-schema-graph\">{\"@context\":\"https:\/\/schema.org\",\"@graph\":[{\"@type\":\"WebPage\",\"@id\":\"https:\/\/www.felipecastellano.com\/en\/second-phase-of-jardines-del-infante\/\",\"url\":\"https:\/\/www.felipecastellano.com\/en\/second-phase-of-jardines-del-infante\/\",\"name\":\"Second Phase of Jardines del Infante - Construcciones Felipe Castellano\",\"isPartOf\":{\"@id\":\"https:\/\/www.felipecastellano.com\/#website\"},\"datePublished\":\"2016-12-22T09:02:57+00:00\",\"dateModified\":\"2017-03-22T10:20:45+00:00\",\"author\":{\"@id\":\"https:\/\/www.felipecastellano.com\/#\/schema\/person\/a0a72b036af385b3e7aa2c93cf1eabfc\"},\"description\":\"The Chipiona region of the tourist macroproject is finally raising a housing promotion after a decade without machines in the area.\",\"breadcrumb\":{\"@id\":\"https:\/\/www.felipecastellano.com\/en\/second-phase-of-jardines-del-infante\/#breadcrumb\"},\"inLanguage\":\"en-US\",\"potentialAction\":[{\"@type\":\"ReadAction\",\"target\":[\"https:\/\/www.felipecastellano.com\/en\/second-phase-of-jardines-del-infante\/\"]}]},{\"@type\":\"BreadcrumbList\",\"@id\":\"https:\/\/www.felipecastellano.com\/en\/second-phase-of-jardines-del-infante\/#breadcrumb\",\"itemListElement\":[{\"@type\":\"ListItem\",\"position\":1,\"name\":\"Portada\",\"item\":\"https:\/\/www.felipecastellano.com\/inicio\/\"},{\"@type\":\"ListItem\",\"position\":2,\"name\":\"Second Phase of Jardines del Infante\"}]},{\"@type\":\"WebSite\",\"@id\":\"https:\/\/www.felipecastellano.com\/#website\",\"url\":\"https:\/\/www.felipecastellano.com\/\",\"name\":\"Construcciones Felipe Castellano\",\"description\":\"\",\"potentialAction\":[{\"@type\":\"SearchAction\",\"target\":{\"@type\":\"EntryPoint\",\"urlTemplate\":\"https:\/\/www.felipecastellano.com\/?s={search_term_string}\"},\"query-input\":\"required name=search_term_string\"}],\"inLanguage\":\"en-US\"},{\"@type\":\"Person\",\"@id\":\"https:\/\/www.felipecastellano.com\/#\/schema\/person\/a0a72b036af385b3e7aa2c93cf1eabfc\",\"name\":\"AdminCFC\",\"image\":{\"@type\":\"ImageObject\",\"inLanguage\":\"en-US\",\"@id\":\"https:\/\/www.felipecastellano.com\/#\/schema\/person\/image\/\",\"url\":\"https:\/\/secure.gravatar.com\/avatar\/85b5d61341afe09cd95f455f9a568ac6?s=96&d=mm&r=g\",\"contentUrl\":\"https:\/\/secure.gravatar.com\/avatar\/85b5d61341afe09cd95f455f9a568ac6?s=96&d=mm&r=g\",\"caption\":\"AdminCFC\"},\"url\":\"https:\/\/www.felipecastellano.com\/en\/author\/admincfc\/\"}]}<\/script>\n<!-- \/ Yoast SEO plugin. -->","yoast_head_json":{"title":"Second Phase of Jardines del Infante - Construcciones Felipe Castellano","description":"The Chipiona region of the tourist macroproject is finally raising a housing promotion after a decade without machines in the area.","robots":{"index":"index","follow":"follow","max-snippet":"max-snippet:-1","max-image-preview":"max-image-preview:large","max-video-preview":"max-video-preview:-1"},"canonical":"https:\/\/www.felipecastellano.com\/en\/second-phase-of-jardines-del-infante\/","og_locale":"en_US","og_type":"article","og_title":"Second Phase of Jardines del Infante - Construcciones Felipe Castellano","og_description":"The Chipiona region of the tourist macroproject is finally raising a housing promotion after a decade without machines in the area.","og_url":"https:\/\/www.felipecastellano.com\/en\/second-phase-of-jardines-del-infante\/","og_site_name":"Construcciones Felipe Castellano","article_published_time":"2016-12-22T09:02:57+00:00","article_modified_time":"2017-03-22T10:20:45+00:00","og_image":[{"width":833,"height":367,"url":"https:\/\/www.felipecastellano.com\/wp-content\/uploads\/2017\/03\/Jardines-del-Infante-FC.jpg","type":"image\/jpeg"}],"author":"AdminCFC","twitter_card":"summary_large_image","twitter_description":"The Chipiona region of the tourist macroproject is finally raising a housing promotion after a decade without machines in the area.","twitter_misc":{"Written by":"AdminCFC","Est. reading time":"1 minute"},"schema":{"@context":"https:\/\/schema.org","@graph":[{"@type":"WebPage","@id":"https:\/\/www.felipecastellano.com\/en\/second-phase-of-jardines-del-infante\/","url":"https:\/\/www.felipecastellano.com\/en\/second-phase-of-jardines-del-infante\/","name":"Second Phase of Jardines del Infante - Construcciones Felipe Castellano","isPartOf":{"@id":"https:\/\/www.felipecastellano.com\/#website"},"datePublished":"2016-12-22T09:02:57+00:00","dateModified":"2017-03-22T10:20:45+00:00","author":{"@id":"https:\/\/www.felipecastellano.com\/#\/schema\/person\/a0a72b036af385b3e7aa2c93cf1eabfc"},"description":"The Chipiona region of the tourist macroproject is finally raising a housing promotion after a decade without machines in the area.","breadcrumb":{"@id":"https:\/\/www.felipecastellano.com\/en\/second-phase-of-jardines-del-infante\/#breadcrumb"},"inLanguage":"en-US","potentialAction":[{"@type":"ReadAction","target":["https:\/\/www.felipecastellano.com\/en\/second-phase-of-jardines-del-infante\/"]}]},{"@type":"BreadcrumbList","@id":"https:\/\/www.felipecastellano.com\/en\/second-phase-of-jardines-del-infante\/#breadcrumb","itemListElement":[{"@type":"ListItem","position":1,"name":"Portada","item":"https:\/\/www.felipecastellano.com\/inicio\/"},{"@type":"ListItem","position":2,"name":"Second Phase of Jardines del Infante"}]},{"@type":"WebSite","@id":"https:\/\/www.felipecastellano.com\/#website","url":"https:\/\/www.felipecastellano.com\/","name":"Construcciones Felipe Castellano","description":"","potentialAction":[{"@type":"SearchAction","target":{"@type":"EntryPoint","urlTemplate":"https:\/\/www.felipecastellano.com\/?s={search_term_string}"},"query-input":"required name=search_term_string"}],"inLanguage":"en-US"},{"@type":"Person","@id":"https:\/\/www.felipecastellano.com\/#\/schema\/person\/a0a72b036af385b3e7aa2c93cf1eabfc","name":"AdminCFC","image":{"@type":"ImageObject","inLanguage":"en-US","@id":"https:\/\/www.felipecastellano.com\/#\/schema\/person\/image\/","url":"https:\/\/secure.gravatar.com\/avatar\/85b5d61341afe09cd95f455f9a568ac6?s=96&d=mm&r=g","contentUrl":"https:\/\/secure.gravatar.com\/avatar\/85b5d61341afe09cd95f455f9a568ac6?s=96&d=mm&r=g","caption":"AdminCFC"},"url":"https:\/\/www.felipecastellano.com\/en\/author\/admincfc\/"}]}},"_links":{"self":[{"href":"https:\/\/www.felipecastellano.com\/en\/wp-json\/wp\/v2\/posts\/1062"}],"collection":[{"href":"https:\/\/www.felipecastellano.com\/en\/wp-json\/wp\/v2\/posts"}],"about":[{"href":"https:\/\/www.felipecastellano.com\/en\/wp-json\/wp\/v2\/types\/post"}],"author":[{"embeddable":true,"href":"https:\/\/www.felipecastellano.com\/en\/wp-json\/wp\/v2\/users\/1"}],"replies":[{"embeddable":true,"href":"https:\/\/www.felipecastellano.com\/en\/wp-json\/wp\/v2\/comments?post=1062"}],"version-history":[{"count":1,"href":"https:\/\/www.felipecastellano.com\/en\/wp-json\/wp\/v2\/posts\/1062\/revisions"}],"predecessor-version":[{"id":1063,"href":"https:\/\/www.felipecastellano.com\/en\/wp-json\/wp\/v2\/posts\/1062\/revisions\/1063"}],"wp:featuredmedia":[{"embeddable":true,"href":"https:\/\/www.felipecastellano.com\/en\/wp-json\/wp\/v2\/media\/592"}],"wp:attachment":[{"href":"https:\/\/www.felipecastellano.com\/en\/wp-json\/wp\/v2\/media?parent=1062"}],"wp:term":[{"taxonomy":"category","embeddable":true,"href":"https:\/\/www.felipecastellano.com\/en\/wp-json\/wp\/v2\/categories?post=1062"},{"taxonomy":"post_tag","embeddable":true,"href":"https:\/\/www.felipecastellano.com\/en\/wp-json\/wp\/v2\/tags?post=1062"}],"curies":[{"name":"wp","href":"https:\/\/api.w.org\/{rel}","templated":true}]}}