{"id":1207,"date":"2017-10-03T18:42:21","date_gmt":"2017-10-03T16:42:21","guid":{"rendered":"http:\/\/www.felipecastellano.com\/?p=1207\/"},"modified":"2017-10-03T18:42:21","modified_gmt":"2017-10-03T16:42:21","slug":"construcciones-felipe-castellano-la-faec-mision-comercial-suecia","status":"publish","type":"post","link":"https:\/\/www.felipecastellano.com\/en\/construcciones-felipe-castellano-la-faec-mision-comercial-suecia\/","title":{"rendered":"Construcciones Felipe Castellano con la FAEC en misi\u00f3n comercial en Suecia"},"content":{"rendered":"<p>Seg\u00fan ha informado la <strong>FAEC<\/strong> en una nota, esta misi\u00f3n ha contado con el apoyo de la Diputaci\u00f3n Provincial de C\u00e1diz y la C\u00e1mara de Comercio de C\u00e1diz (CEC), y ha tenido un doble objetivo, que han sido conocer las posibilidades de trabajo que ofrece el actual desarrollo urban\u00edstico y de infraestructuras de ese pa\u00eds y participar en la feria &#8216;Fair media international AB&#8217;, dedicada al turismo residencial. Junto a los representantes de la federaci\u00f3n han acudido las empresas Domodux, Carrod, Nunadrola, Hearthiink, <strong>Construcciones Felipe Castellano<\/strong>, Castelia Gesti\u00f3n y Servicios, Gumersindo Fern\u00e1ndez Arquitectos, Gesti\u00f3n Empresarial Jove, Bauen Constructora, Servicio Prevenci\u00f3n Mancomunado (SPM) sector de construcci\u00f3n en Andaluc\u00eda.<\/p>\n<p><a href=\"http:\/\/www.20minutos.es\/noticia\/3150609\/0\/federacion-empresarios-construccion-hacen-balance-positivo-mision-comercial-suecia\/\">M\u00e1s<\/a><\/p>\n<p>Fuente: <a href=\"http:\/\/www.20minutos.es\/noticia\/3150609\/0\/federacion-empresarios-construccion-hacen-balance-positivo-mision-comercial-suecia\/\">www.20minutos.es<\/a><\/p>\n","protected":false},"excerpt":{"rendered":"<p>Seg\u00fan ha informado la FAEC en una nota, esta misi\u00f3n ha contado con el apoyo de la Diputaci\u00f3n Provincial de C\u00e1diz y la C\u00e1mara de Comercio de C\u00e1diz (CEC), y ha tenido un doble objetivo, que han sido conocer las posibilidades de trabajo que ofrece el actual desarrollo urban\u00edstico y de infraestructuras de ese pa\u00eds [&hellip;]<\/p>\n","protected":false},"author":1,"featured_media":1208,"comment_status":"closed","ping_status":"open","sticky":false,"template":"","format":"standard","meta":[],"categories":[10],"tags":[],"yoast_head":"<!-- This site is optimized with the Yoast SEO plugin v20.7 - https:\/\/yoast.com\/wordpress\/plugins\/seo\/ -->\n<title>Construcciones Felipe Castellano con la FAEC en misi\u00f3n comercial en Suecia - Construcciones Felipe Castellano<\/title>\n<meta name=\"robots\" content=\"index, follow, max-snippet:-1, max-image-preview:large, max-video-preview:-1\" \/>\n<link rel=\"canonical\" href=\"https:\/\/www.felipecastellano.com\/construcciones-felipe-castellano-la-faec-mision-comercial-suecia\/\" \/>\n<meta property=\"og:locale\" content=\"en_US\" \/>\n<meta property=\"og:type\" content=\"article\" \/>\n<meta property=\"og:title\" content=\"Construcciones Felipe Castellano con la FAEC en misi\u00f3n comercial en Suecia - Construcciones Felipe Castellano\" \/>\n<meta property=\"og:description\" content=\"Seg\u00fan ha informado la FAEC en una nota, esta misi\u00f3n ha contado con el apoyo de la Diputaci\u00f3n Provincial de C\u00e1diz y la C\u00e1mara de Comercio de C\u00e1diz (CEC), y ha tenido un doble objetivo, que han sido conocer las posibilidades de trabajo que ofrece el actual desarrollo urban\u00edstico y de infraestructuras de ese pa\u00eds [&hellip;]\" \/>\n<meta property=\"og:url\" content=\"https:\/\/www.felipecastellano.com\/construcciones-felipe-castellano-la-faec-mision-comercial-suecia\/\" \/>\n<meta property=\"og:site_name\" content=\"Construcciones Felipe Castellano\" \/>\n<meta property=\"article:published_time\" content=\"2017-10-03T16:42:21+00:00\" \/>\n<meta property=\"og:image\" content=\"https:\/\/www.felipecastellano.com\/wp-content\/uploads\/2017\/10\/Faec_suecia01.jpg\" \/>\n\t<meta property=\"og:image:width\" content=\"944\" \/>\n\t<meta property=\"og:image:height\" content=\"708\" \/>\n\t<meta property=\"og:image:type\" content=\"image\/jpeg\" \/>\n<meta name=\"author\" content=\"AdminCFC\" \/>\n<meta name=\"twitter:card\" content=\"summary_large_image\" \/>\n<meta name=\"twitter:label1\" content=\"Written by\" \/>\n\t<meta name=\"twitter:data1\" content=\"AdminCFC\" \/>\n\t<meta name=\"twitter:label2\" content=\"Est. reading time\" \/>\n\t<meta name=\"twitter:data2\" content=\"1 minute\" \/>\n<script type=\"application\/ld+json\" class=\"yoast-schema-graph\">{\"@context\":\"https:\/\/schema.org\",\"@graph\":[{\"@type\":\"WebPage\",\"@id\":\"https:\/\/www.felipecastellano.com\/construcciones-felipe-castellano-la-faec-mision-comercial-suecia\/\",\"url\":\"https:\/\/www.felipecastellano.com\/construcciones-felipe-castellano-la-faec-mision-comercial-suecia\/\",\"name\":\"Construcciones Felipe Castellano con la FAEC en misi\u00f3n comercial en Suecia - Construcciones Felipe Castellano\",\"isPartOf\":{\"@id\":\"https:\/\/www.felipecastellano.com\/#website\"},\"datePublished\":\"2017-10-03T16:42:21+00:00\",\"dateModified\":\"2017-10-03T16:42:21+00:00\",\"author\":{\"@id\":\"https:\/\/www.felipecastellano.com\/#\/schema\/person\/a0a72b036af385b3e7aa2c93cf1eabfc\"},\"breadcrumb\":{\"@id\":\"https:\/\/www.felipecastellano.com\/construcciones-felipe-castellano-la-faec-mision-comercial-suecia\/#breadcrumb\"},\"inLanguage\":\"en-US\",\"potentialAction\":[{\"@type\":\"ReadAction\",\"target\":[\"https:\/\/www.felipecastellano.com\/construcciones-felipe-castellano-la-faec-mision-comercial-suecia\/\"]}]},{\"@type\":\"BreadcrumbList\",\"@id\":\"https:\/\/www.felipecastellano.com\/construcciones-felipe-castellano-la-faec-mision-comercial-suecia\/#breadcrumb\",\"itemListElement\":[{\"@type\":\"ListItem\",\"position\":1,\"name\":\"Portada\",\"item\":\"https:\/\/www.felipecastellano.com\/inicio\/\"},{\"@type\":\"ListItem\",\"position\":2,\"name\":\"Construcciones Felipe Castellano con la FAEC en misi\u00f3n comercial en Suecia\"}]},{\"@type\":\"WebSite\",\"@id\":\"https:\/\/www.felipecastellano.com\/#website\",\"url\":\"https:\/\/www.felipecastellano.com\/\",\"name\":\"Construcciones Felipe Castellano\",\"description\":\"\",\"potentialAction\":[{\"@type\":\"SearchAction\",\"target\":{\"@type\":\"EntryPoint\",\"urlTemplate\":\"https:\/\/www.felipecastellano.com\/?s={search_term_string}\"},\"query-input\":\"required name=search_term_string\"}],\"inLanguage\":\"en-US\"},{\"@type\":\"Person\",\"@id\":\"https:\/\/www.felipecastellano.com\/#\/schema\/person\/a0a72b036af385b3e7aa2c93cf1eabfc\",\"name\":\"AdminCFC\",\"image\":{\"@type\":\"ImageObject\",\"inLanguage\":\"en-US\",\"@id\":\"https:\/\/www.felipecastellano.com\/#\/schema\/person\/image\/\",\"url\":\"https:\/\/secure.gravatar.com\/avatar\/85b5d61341afe09cd95f455f9a568ac6?s=96&d=mm&r=g\",\"contentUrl\":\"https:\/\/secure.gravatar.com\/avatar\/85b5d61341afe09cd95f455f9a568ac6?s=96&d=mm&r=g\",\"caption\":\"AdminCFC\"},\"url\":\"https:\/\/www.felipecastellano.com\/en\/author\/admincfc\/\"}]}<\/script>\n<!-- \/ Yoast SEO plugin. -->","yoast_head_json":{"title":"Construcciones Felipe Castellano con la FAEC en misi\u00f3n comercial en Suecia - Construcciones Felipe Castellano","robots":{"index":"index","follow":"follow","max-snippet":"max-snippet:-1","max-image-preview":"max-image-preview:large","max-video-preview":"max-video-preview:-1"},"canonical":"https:\/\/www.felipecastellano.com\/construcciones-felipe-castellano-la-faec-mision-comercial-suecia\/","og_locale":"en_US","og_type":"article","og_title":"Construcciones Felipe Castellano con la FAEC en misi\u00f3n comercial en Suecia - Construcciones Felipe Castellano","og_description":"Seg\u00fan ha informado la FAEC en una nota, esta misi\u00f3n ha contado con el apoyo de la Diputaci\u00f3n Provincial de C\u00e1diz y la C\u00e1mara de Comercio de C\u00e1diz (CEC), y ha tenido un doble objetivo, que han sido conocer las posibilidades de trabajo que ofrece el actual desarrollo urban\u00edstico y de infraestructuras de ese pa\u00eds [&hellip;]","og_url":"https:\/\/www.felipecastellano.com\/construcciones-felipe-castellano-la-faec-mision-comercial-suecia\/","og_site_name":"Construcciones Felipe Castellano","article_published_time":"2017-10-03T16:42:21+00:00","og_image":[{"width":944,"height":708,"url":"https:\/\/www.felipecastellano.com\/wp-content\/uploads\/2017\/10\/Faec_suecia01.jpg","type":"image\/jpeg"}],"author":"AdminCFC","twitter_card":"summary_large_image","twitter_misc":{"Written by":"AdminCFC","Est. reading time":"1 minute"},"schema":{"@context":"https:\/\/schema.org","@graph":[{"@type":"WebPage","@id":"https:\/\/www.felipecastellano.com\/construcciones-felipe-castellano-la-faec-mision-comercial-suecia\/","url":"https:\/\/www.felipecastellano.com\/construcciones-felipe-castellano-la-faec-mision-comercial-suecia\/","name":"Construcciones Felipe Castellano con la FAEC en misi\u00f3n comercial en Suecia - Construcciones Felipe Castellano","isPartOf":{"@id":"https:\/\/www.felipecastellano.com\/#website"},"datePublished":"2017-10-03T16:42:21+00:00","dateModified":"2017-10-03T16:42:21+00:00","author":{"@id":"https:\/\/www.felipecastellano.com\/#\/schema\/person\/a0a72b036af385b3e7aa2c93cf1eabfc"},"breadcrumb":{"@id":"https:\/\/www.felipecastellano.com\/construcciones-felipe-castellano-la-faec-mision-comercial-suecia\/#breadcrumb"},"inLanguage":"en-US","potentialAction":[{"@type":"ReadAction","target":["https:\/\/www.felipecastellano.com\/construcciones-felipe-castellano-la-faec-mision-comercial-suecia\/"]}]},{"@type":"BreadcrumbList","@id":"https:\/\/www.felipecastellano.com\/construcciones-felipe-castellano-la-faec-mision-comercial-suecia\/#breadcrumb","itemListElement":[{"@type":"ListItem","position":1,"name":"Portada","item":"https:\/\/www.felipecastellano.com\/inicio\/"},{"@type":"ListItem","position":2,"name":"Construcciones Felipe Castellano con la FAEC en misi\u00f3n comercial en Suecia"}]},{"@type":"WebSite","@id":"https:\/\/www.felipecastellano.com\/#website","url":"https:\/\/www.felipecastellano.com\/","name":"Construcciones Felipe Castellano","description":"","potentialAction":[{"@type":"SearchAction","target":{"@type":"EntryPoint","urlTemplate":"https:\/\/www.felipecastellano.com\/?s={search_term_string}"},"query-input":"required name=search_term_string"}],"inLanguage":"en-US"},{"@type":"Person","@id":"https:\/\/www.felipecastellano.com\/#\/schema\/person\/a0a72b036af385b3e7aa2c93cf1eabfc","name":"AdminCFC","image":{"@type":"ImageObject","inLanguage":"en-US","@id":"https:\/\/www.felipecastellano.com\/#\/schema\/person\/image\/","url":"https:\/\/secure.gravatar.com\/avatar\/85b5d61341afe09cd95f455f9a568ac6?s=96&d=mm&r=g","contentUrl":"https:\/\/secure.gravatar.com\/avatar\/85b5d61341afe09cd95f455f9a568ac6?s=96&d=mm&r=g","caption":"AdminCFC"},"url":"https:\/\/www.felipecastellano.com\/en\/author\/admincfc\/"}]}},"_links":{"self":[{"href":"https:\/\/www.felipecastellano.com\/en\/wp-json\/wp\/v2\/posts\/1207"}],"collection":[{"href":"https:\/\/www.felipecastellano.com\/en\/wp-json\/wp\/v2\/posts"}],"about":[{"href":"https:\/\/www.felipecastellano.com\/en\/wp-json\/wp\/v2\/types\/post"}],"author":[{"embeddable":true,"href":"https:\/\/www.felipecastellano.com\/en\/wp-json\/wp\/v2\/users\/1"}],"replies":[{"embeddable":true,"href":"https:\/\/www.felipecastellano.com\/en\/wp-json\/wp\/v2\/comments?post=1207"}],"version-history":[{"count":3,"href":"https:\/\/www.felipecastellano.com\/en\/wp-json\/wp\/v2\/posts\/1207\/revisions"}],"predecessor-version":[{"id":1211,"href":"https:\/\/www.felipecastellano.com\/en\/wp-json\/wp\/v2\/posts\/1207\/revisions\/1211"}],"wp:featuredmedia":[{"embeddable":true,"href":"https:\/\/www.felipecastellano.com\/en\/wp-json\/wp\/v2\/media\/1208"}],"wp:attachment":[{"href":"https:\/\/www.felipecastellano.com\/en\/wp-json\/wp\/v2\/media?parent=1207"}],"wp:term":[{"taxonomy":"category","embeddable":true,"href":"https:\/\/www.felipecastellano.com\/en\/wp-json\/wp\/v2\/categories?post=1207"},{"taxonomy":"post_tag","embeddable":true,"href":"https:\/\/www.felipecastellano.com\/en\/wp-json\/wp\/v2\/tags?post=1207"}],"curies":[{"name":"wp","href":"https:\/\/api.w.org\/{rel}","templated":true}]}}